[{"@context":"https:\/\/schema.org\/","@type":"Article","@id":"https:\/\/www.toof.cz\/fandime-tomuto-sportovnimu-odvetvi\/#Article","mainEntityOfPage":"https:\/\/www.toof.cz\/fandime-tomuto-sportovnimu-odvetvi\/","headline":"Fand\u00edme tomuto sportovn\u00edmu odv\u011btv\u00ed","name":"Fand\u00edme tomuto sportovn\u00edmu odv\u011btv\u00ed","description":"Jsme r\u00e1di, \u017ee fand\u00edte tomuto sportu. Mnoho lid\u00ed se mu v\u011bnuje i ve sv\u00e9m voln\u00e9m \u010dase. L\u00edb\u00ed se jim. Cht\u011bj\u00ed si udr\u017eet svou dobrou kondici. M\u00e1me v\u0161ak i \u0161pi\u010dkov\u00e9 hr\u00e1\u010de, kte\u0159\u00ed skv\u011ble reprezentuj\u00ed na\u0161i \u010ceskou republiku na sv\u011btov\u00fdch kolbi\u0161t\u00edch. Za chv\u00edli startujeme. Za\u010d\u00edn\u00e1me na Australia Open. Dr\u017e\u00edme na\u0161im palce. Zapn\u011bte si n\u00e1s a bu\u010fte s [&hellip;]","datePublished":"2025-09-03","dateModified":"2025-09-03","author":{"@type":"Person","@id":"https:\/\/www.toof.cz\/author\/#Person","name":"","url":"https:\/\/www.toof.cz\/author\/","identifier":1,"image":{"@type":"ImageObject","@id":"https:\/\/secure.gravatar.com\/avatar\/6b1978a802e1d2522476d4f1a954a19e989b74ba84b3e15a182efb651cc75097?s=96&d=mm&r=g","url":"https:\/\/secure.gravatar.com\/avatar\/6b1978a802e1d2522476d4f1a954a19e989b74ba84b3e15a182efb651cc75097?s=96&d=mm&r=g","height":96,"width":96}},"publisher":{"@type":"Organization","name":"toof.cz","logo":{"@type":"ImageObject","@id":"\/logo.png","url":"\/logo.png","width":600,"height":60}},"url":"https:\/\/www.toof.cz\/fandime-tomuto-sportovnimu-odvetvi\/","wordCount":188,"articleBody":"Jsme r\u00e1di, \u017ee fand\u00edte tomuto sportu. Mnoho lid\u00ed se mu v\u011bnuje i ve sv\u00e9m voln\u00e9m \u010dase. L\u00edb\u00ed se jim. Cht\u011bj\u00ed si udr\u017eet svou dobrou kondici. M\u00e1me v\u0161ak i \u0161pi\u010dkov\u00e9 hr\u00e1\u010de, kte\u0159\u00ed skv\u011ble reprezentuj\u00ed na\u0161i \u010ceskou republiku na sv\u011btov\u00fdch kolbi\u0161t\u00edch. Za chv\u00edli startujeme. Za\u010d\u00edn\u00e1me na Australia Open. Dr\u017e\u00edme na\u0161im palce. Zapn\u011bte si n\u00e1s a bu\u010fte s na\u0161\u00edm tenisem on line. Na\u0161e t\u00fdmy byly velmi \u00fasp\u011b\u0161n\u00e9 i v tomto roce M\u00e1me skv\u011bl\u00e9 hr\u00e1\u010de. Jenom d\u00edky jim jsme byli \u00fasp\u011b\u0161n\u00ed i v kolektivn\u00edch sout\u011b\u017e\u00edch. P\u0159ipome\u0148me si zejm\u00e9na v\u00edt\u011bzstv\u00ed na\u0161ich \u017een. Op\u011bt zv\u00edt\u011bzily ve Fed Cupu. Pod veden\u00edm nehraj\u00edc\u00edho kapit\u00e1na Petra P\u00e1ly dos\u00e1hly na stupe\u0148 nejvy\u0161\u0161\u00ed ji\u017e po n\u011bkolik\u00e1t\u00e9. Na\u0161i mu\u017ei skon\u010dili v semifin\u00e1le na raket\u00e1ch Francouz\u016f. Ti v\u0161ak si to zaslou\u017eili. Sledujte v\u0161echny z\u00e1pasy na tenis on line.                                                                                                                                                                                                                                                                                                                                                                                                "},{"@context":"https:\/\/schema.org\/","@type":"BreadcrumbList","itemListElement":[{"@type":"ListItem","position":1,"name":"Fand\u00edme tomuto sportovn\u00edmu odv\u011btv\u00ed","item":"https:\/\/www.toof.cz\/fandime-tomuto-sportovnimu-odvetvi\/#breadcrumbitem"}]}]