[{"@context":"https:\/\/schema.org\/","@type":"Article","@id":"https:\/\/www.toof.cz\/ztraceny-kus-odevu\/#Article","mainEntityOfPage":"https:\/\/www.toof.cz\/ztraceny-kus-odevu\/","headline":"Ztracen\u00fd kus od\u011bvu","name":"Ztracen\u00fd kus od\u011bvu","description":"Jsou dny, kdy se dom\u016f t\u011b\u0161\u00edte, a jsou dny, kdy se v\u00e1m dom\u016f nechce ani trochu. Pr\u00e1v\u011b druh\u00fd p\u0159\u00edpad se m\u011b t\u00fdkal minulou st\u0159edu, kdy jsem zjistila, \u017ee t\u0159i zap\u016fj\u010den\u00e9 d\u00e1msk\u00e9 bundy od kamar\u00e1dky jsem zapomn\u011bla u kamar\u00e1dky jin\u00e9 a to v Anglii. A to jsme je m\u011bla dnes vracet vypran\u00e9 a vo\u0148av\u00e9. Tolik se [&hellip;]","datePublished":"2025-02-18","dateModified":"2025-02-18","author":{"@type":"Person","@id":"https:\/\/www.toof.cz\/author\/#Person","name":"","url":"https:\/\/www.toof.cz\/author\/","identifier":1,"image":{"@type":"ImageObject","@id":"https:\/\/secure.gravatar.com\/avatar\/6b1978a802e1d2522476d4f1a954a19e989b74ba84b3e15a182efb651cc75097?s=96&d=mm&r=g","url":"https:\/\/secure.gravatar.com\/avatar\/6b1978a802e1d2522476d4f1a954a19e989b74ba84b3e15a182efb651cc75097?s=96&d=mm&r=g","height":96,"width":96}},"publisher":{"@type":"Organization","name":"toof.cz","logo":{"@type":"ImageObject","@id":"\/logo.png","url":"\/logo.png","width":600,"height":60}},"url":"https:\/\/www.toof.cz\/ztraceny-kus-odevu\/","wordCount":242,"articleBody":"Jsou dny, kdy se dom\u016f t\u011b\u0161\u00edte, a jsou dny, kdy se v\u00e1m dom\u016f nechce ani trochu. Pr\u00e1v\u011b druh\u00fd p\u0159\u00edpad se m\u011b t\u00fdkal minulou st\u0159edu, kdy jsem zjistila, \u017ee t\u0159i zap\u016fj\u010den\u00e9 d\u00e1msk\u00e9 bundy od kamar\u00e1dky jsem zapomn\u011bla u kamar\u00e1dky jin\u00e9 a to v Anglii. A to jsme je m\u011bla dnes vracet vypran\u00e9 a vo\u0148av\u00e9. Tolik se mi dom\u016f necht\u011blo a vym\u00fd\u0161lela jsem v\u00fdmluvy, pro\u010d se v\u011bci nestaly tak, jak se st\u00e1t m\u011bly. Byla to p\u011bkn\u00e1 ostuda, proto\u017ee v\u011bci p\u0159i\u0161li a\u017e za 14 dn\u016f a nav\u00edc zni\u010den\u00e9, proto\u017ee se v Anglii hodn\u011b l\u00edbili a byli evidentn\u011b hodn\u011b exponovan\u00e9. Nalezen\u00e1 z fotky P\u016fj\u010dovat si bez dovolen\u00ed n\u011b\u010d\u00ed oble\u010den\u00ed by se d\u011blat nem\u011blo. Nav\u00edc, kdy\u017e je t\u00edm, od koho si oble\u010den\u00ed p\u016fj\u010dujeme n\u00e1\u0161 tat\u00ednek. P\u0159esn\u011b tohle jsem ud\u011blala j\u00e1, kdy\u017e mi bylo 16, chodila jsem do prv\u00e1ku a my se m\u011bli poprv\u00e9 fotit. Byla jsem d\u017e\u00ednov\u00e1 a tak se mi n\u00e1ramn\u011b hodila t\u00e1tova ko\u017een\u00e1 bunda. P\u011bkn\u011b plandala, vypadala luxusn\u011b, prost\u011b jsem si ji na focen\u00ed vzala a nezeptala se. P\u0159i\u0161lo se na to, a\u017e kdy\u017e jsem se doma chlubila fotkou ze \u0161koly. A nalezen\u00fd kus z t\u00e1tova \u0161atn\u00edku byl na sv\u011bt\u011b.                                                                                                                                                                                                                                                                                                                                                                                        2\/5 - (1 vote)        "},{"@context":"https:\/\/schema.org\/","@type":"BreadcrumbList","itemListElement":[{"@type":"ListItem","position":1,"name":"Ztracen\u00fd kus od\u011bvu","item":"https:\/\/www.toof.cz\/ztraceny-kus-odevu\/#breadcrumbitem"}]}]